{"id":8062,"date":"2025-09-25T19:04:50","date_gmt":"2025-09-25T19:04:50","guid":{"rendered":"https:\/\/anastacio.com\/?p=8062"},"modified":"2026-03-25T03:52:21","modified_gmt":"2026-03-25T03:52:21","slug":"relatorio-de-transparencia-e-igualdade-salarial-2o-ciclo-2025","status":"publish","type":"post","link":"https:\/\/anastacio.com\/es\/relatorio-de-transparencia-e-igualdade-salarial-2o-ciclo-2025\/","title":{"rendered":"Relat\u00f3rio de Transpar\u00eancia e Igualdade Salarial \u2013 2\u00ba Ciclo 2025"},"content":{"rendered":"<p>Apresentamos o&nbsp;<strong>Relat\u00f3rio de Transpar\u00eancia e Igualdade Salarial entre Mulheres e Homens \u2013 2\u00ba Ciclo 2025<\/strong>, em conformidade com o Decreto n\u00ba 11.795\/2023, a Lei n\u00ba 14.611\/2023 e a Portaria MTE n\u00ba 3.714.<\/p>\n\n\n\n<p>Os dados contidos no relat\u00f3rio foram anonimizados, em conformidade com a\u00a0<strong>Lei Geral de Prote\u00e7\u00e3o de Dados (LGPD)<\/strong>. As informa\u00e7\u00f5es foram agrupadas pelo Minist\u00e9rio do Trabalho e Emprego, com base nos grandes grupos da\u00a0<strong>CBO (Classifica\u00e7\u00e3o Brasileira de Ocupa\u00e7\u00f5es)<\/strong>.<\/p>\n\n\n\n<p>O relat\u00f3rio foi elaborado pelo Minist\u00e9rio do Trabalho e Emprego, a partir de informa\u00e7\u00f5es extra\u00eddas do&nbsp;<strong>eSocial<\/strong>, da&nbsp;<strong>RAIS<\/strong>&nbsp;e do&nbsp;<strong>Portal Emprega Brasil<\/strong>.<\/p>\n\n\n\n<div data-wp-interactive=\"core\/file\" class=\"wp-block-file\"><object data-wp-bind--hidden=\"!state.hasPdfPreview\" hidden class=\"wp-block-file__embed\" data=\"https:\/\/anastacio.com\/wp-content\/uploads\/2025\/09\/Relatorio-de-igualdade-salarial-2a-Ciclo-2025-B.pdf\" type=\"application\/pdf\" style=\"width:100%;height:250px\" aria-label=\"Incrustado de Relat\u00f3rio de igualdade salarial - 2\u00aa Ciclo 2025 - B.\"><\/object><a id=\"wp-block-file--media-ba653166-c0e5-4152-a177-8387c4ce84e7\" href=\"https:\/\/anastacio.com\/wp-content\/uploads\/2025\/09\/Relatorio-de-igualdade-salarial-2a-Ciclo-2025-B.pdf\">Relat\u00f3rio de igualdade salarial &#8211; 2\u00aa Ciclo 2025 &#8211; B<\/a><a href=\"https:\/\/anastacio.com\/wp-content\/uploads\/2025\/09\/Relatorio-de-igualdade-salarial-2a-Ciclo-2025-B.pdf\" class=\"wp-block-file__button wp-element-button\" download aria-describedby=\"wp-block-file--media-ba653166-c0e5-4152-a177-8387c4ce84e7\">Download<\/a><\/div>","protected":false},"excerpt":{"rendered":"<p>Apresentamos o&nbsp;Relat\u00f3rio de Transpar\u00eancia e Igualdade Salarial entre Mulheres e Homens \u2013 2\u00ba Ciclo 2025, em conformidade com o Decreto n\u00ba 11.795\/2023, a Lei n\u00ba 14.611\/2023 e a Portaria MTE n\u00ba 3.714. Os dados contidos no relat\u00f3rio foram anonimizados, em conformidade com a\u00a0Lei Geral de Prote\u00e7\u00e3o de Dados (LGPD). As informa\u00e7\u00f5es foram agrupadas pelo Minist\u00e9rio [&hellip;]<\/p>","protected":false},"author":1,"featured_media":5761,"comment_status":"closed","ping_status":"closed","sticky":false,"template":"","format":"standard","meta":{"footnotes":""},"categories":[53],"tags":[],"class_list":["post-8062","post","type-post","status-publish","format-standard","has-post-thumbnail","hentry","category-news"],"_links":{"self":[{"href":"https:\/\/anastacio.com\/es\/wp-json\/wp\/v2\/posts\/8062","targetHints":{"allow":["GET"]}}],"collection":[{"href":"https:\/\/anastacio.com\/es\/wp-json\/wp\/v2\/posts"}],"about":[{"href":"https:\/\/anastacio.com\/es\/wp-json\/wp\/v2\/types\/post"}],"author":[{"embeddable":true,"href":"https:\/\/anastacio.com\/es\/wp-json\/wp\/v2\/users\/1"}],"replies":[{"embeddable":true,"href":"https:\/\/anastacio.com\/es\/wp-json\/wp\/v2\/comments?post=8062"}],"version-history":[{"count":0,"href":"https:\/\/anastacio.com\/es\/wp-json\/wp\/v2\/posts\/8062\/revisions"}],"wp:featuredmedia":[{"embeddable":true,"href":"https:\/\/anastacio.com\/es\/wp-json\/wp\/v2\/media\/5761"}],"wp:attachment":[{"href":"https:\/\/anastacio.com\/es\/wp-json\/wp\/v2\/media?parent=8062"}],"wp:term":[{"taxonomy":"category","embeddable":true,"href":"https:\/\/anastacio.com\/es\/wp-json\/wp\/v2\/categories?post=8062"},{"taxonomy":"post_tag","embeddable":true,"href":"https:\/\/anastacio.com\/es\/wp-json\/wp\/v2\/tags?post=8062"}],"curies":[{"name":"wp","href":"https:\/\/api.w.org\/{rel}","templated":true}]}}